{"id":538,"date":"2022-03-21T23:16:28","date_gmt":"2022-03-21T21:16:28","guid":{"rendered":"https:\/\/catedrasaramago.fcml.uni-sofia.bg\/?p=538"},"modified":"2022-03-21T23:29:54","modified_gmt":"2022-03-21T21:29:54","slug":"o-presidente-do-instituto-camoes-i-p-proferiu-uma-conferencia-academica-intitulada-portugues-uma-lingua-para-o-mundo","status":"publish","type":"post","link":"https:\/\/catedrasaramago.fcml.uni-sofia.bg\/pt\/archives\/538","title":{"rendered":"O Presidente do Instituto Cam\u00f5es, I.P., proferiu uma confer\u00eancia acad\u00e9mica intitulada \u00abPortugu\u00eas: uma l\u00edngua para o mundo\u00bb."},"content":{"rendered":"<p style=\"text-align: justify;\"><strong>Durante a sua visita na Universidade de S\u00f3fia Sv. Kliment Ohridski, o Embaixador Lu\u00eds Faro Ramos, Presidente do Instituto Cam\u00f5es, I.P. \u2013 Instituto da Coopera\u00e7\u00e3o e da L\u00edngua junto do Minist\u00e9rio dos Neg\u00f3cios Estrangeiros de Portugal, teve um encontro com os estudantes, os doutorandos e os docentes das Licenciaturas em Filologia Portuguesa e Estudos Africanos da Faculdade de Filologias Cl\u00e1ssicas e Modernas em que proferiu a confer\u00eancia acad\u00e9mica com o t\u00edtulo \u00abPortugu\u00eas: uma l\u00edngua para o mundo\u00bb. <\/strong><\/p>\n<p style=\"text-align: justify;\">\u00c0 confer\u00eancia assistiram S. Ex.\u00aa Helena de Almeida Coutinho, Embaixadora Extraordin\u00e1ria e Plenipotenci\u00e1ria da Rep\u00fablica Portuguesa em S\u00f3fia, e Dr.\u00aa Ana\u00edsa Gordino, Diretora do Centro de L\u00edngua e Cultura Portuguesa \u00abCam\u00f5es S\u00f3fia\u00bb e Leitora de L\u00edngua e Cultura Portuguesa na Universidade de S\u00f3fia.<\/p>\n<p><img loading=\"lazy\" decoding=\"async\" class=\"alignnone wp-image-544 size-full\" src=\"https:\/\/catedrasaramago.fcml.uni-sofia.bg\/wp-content\/uploads\/2022\/03\/photo1.jpg\" alt=\"\" width=\"600\" height=\"400\" srcset=\"https:\/\/catedrasaramago.fcml.uni-sofia.bg\/wp-content\/uploads\/2022\/03\/photo1.jpg 600w, https:\/\/catedrasaramago.fcml.uni-sofia.bg\/wp-content\/uploads\/2022\/03\/photo1-300x200.jpg 300w, https:\/\/catedrasaramago.fcml.uni-sofia.bg\/wp-content\/uploads\/2022\/03\/photo1-18x12.jpg 18w\" sizes=\"auto, (max-width: 600px) 100vw, 600px\" \/><\/p>\n<p>&nbsp;<\/p>\n<p style=\"text-align: justify;\">O evento foi inaugurado pelas palavras da Prof.\u00aa Dr.\u00aa Yana Andreeva, Respons\u00e1vel pela Licenciatura em Filologia Portuguesa e Coordenadora do M\u00f3dulo de \u00c1frica Lus\u00f3fona na Licenciatura em Estudos Africanos, que destacou a import\u00e2ncia do Protocolo de Coopera\u00e7\u00e3o assinado entre o Reitor da Universidade de S\u00f3fia e o Presidente do Instituto Cam\u00f5es, I. P. A professora catedr\u00e1tica afirmou que a institui\u00e7\u00e3o da C\u00e1tedra Jos\u00e9 Saramago e a sua inclus\u00e3o na rede mundial de 50 c\u00e1tedras do Instituto Cam\u00f5es, I. P., junto a institui\u00e7\u00f5es acad\u00e9micas de sumo prest\u00edgio, ser\u00e1 um forte contributo para a internacionaliza\u00e7\u00e3o dos estudos portugueses e lus\u00f3fonos na Bulg\u00e1ria e para a sua vigorosa colabora\u00e7\u00e3o futura com outras universidades distinguidas em que se faz ensino e investiga\u00e7\u00e3o da l\u00edngua portuguesa e das literaturas e culturas lus\u00f3fonas.<\/p>\n<p><img loading=\"lazy\" decoding=\"async\" class=\"alignnone wp-image-546 size-full\" src=\"https:\/\/catedrasaramago.fcml.uni-sofia.bg\/wp-content\/uploads\/2022\/03\/photo2.jpg\" alt=\"\" width=\"600\" height=\"400\" srcset=\"https:\/\/catedrasaramago.fcml.uni-sofia.bg\/wp-content\/uploads\/2022\/03\/photo2.jpg 600w, https:\/\/catedrasaramago.fcml.uni-sofia.bg\/wp-content\/uploads\/2022\/03\/photo2-300x200.jpg 300w, https:\/\/catedrasaramago.fcml.uni-sofia.bg\/wp-content\/uploads\/2022\/03\/photo2-18x12.jpg 18w\" sizes=\"auto, (max-width: 600px) 100vw, 600px\" \/><\/p>\n<p>&nbsp;<\/p>\n<p style=\"text-align: justify;\">Em nome dos corpos docentes das duas licenciaturas em que se ensina a l\u00edngua portuguesa na Universidade de S\u00f3fia, a Prof.\u00aa Dr.\u00aa Yana Andreeva agardeceu ao Presidente do Instituto Cam\u00f5es, I. P., \u00e0 Embaixada da Rep\u00fablica Portuguesa em S\u00f3fia e ao Centro de L\u00edngua e Cultura Portuguesas \u00abCam\u00f5es S\u00f3fia\u00bb por terem apoiado ativamente o processo e terem colaborado nas atividades que culminaram na constitui\u00e7\u00e3o da C\u00e1tedra Jos\u00e9 Saramago na Universidade de S\u00f3fia.<\/p>\n<p>&nbsp;<\/p>\n<p><img loading=\"lazy\" decoding=\"async\" class=\"alignnone wp-image-547 size-full\" src=\"https:\/\/catedrasaramago.fcml.uni-sofia.bg\/wp-content\/uploads\/2022\/03\/photo3.jpg\" alt=\"\" width=\"600\" height=\"400\" srcset=\"https:\/\/catedrasaramago.fcml.uni-sofia.bg\/wp-content\/uploads\/2022\/03\/photo3.jpg 600w, https:\/\/catedrasaramago.fcml.uni-sofia.bg\/wp-content\/uploads\/2022\/03\/photo3-300x200.jpg 300w, https:\/\/catedrasaramago.fcml.uni-sofia.bg\/wp-content\/uploads\/2022\/03\/photo3-18x12.jpg 18w\" sizes=\"auto, (max-width: 600px) 100vw, 600px\" \/><\/p>\n<p>&nbsp;<\/p>\n<p style=\"text-align: justify;\">Na sua confer\u00eancia acad\u00e9mica, o Embaixador Lu\u00eds Faro Ramos apresentou a import\u00e2ncia mundial da l\u00edngua portuguesa que \u00e9 a quarta l\u00edngua mais difundida no mundo. O portugu\u00eas \u00e9 falado como l\u00edngua oficial nos nove pa\u00edses da Comunidade dos Pa\u00edses de L\u00edngua Portuguesa: Portugal, o Brasil, Angola, Guin\u00e9-Bissau, Guin\u00e9 Equatorial, Timor-Leste, Cabo Verde, Mo\u00e7ambique, S\u00e3o Tom\u00e9 e Pr\u00edncipe, como tamb\u00e9m em Macau.<\/p>\n<p style=\"text-align: justify;\"><em>\u201eUma l\u00edngua para todo o mundo \u2013 \u00e9 assim que se define a l\u00edngua portuguesa por ser a quarta l\u00edngua mais difundida em escala mundial. \u00c9 l\u00edngua oficial em todos os 9 pa\u00edses que s\u00e3o membros da Comunidade de Pa\u00edses de L\u00edngua Portuguesa e em Macau. A informa\u00e7\u00e3o que se tinha h\u00e1 bem pouco tempo \u00e9 que uma totalidade de 261 milh\u00f5es de pessoas espalhadas em cinco continentes falava portugu\u00eas, representando um 3,7% da popula\u00e7\u00e3o mundial, que, no entanto, deixou de ser atual porque o n\u00famero dos lusofalantes no planeta vai crescendo exponencialmente, tendo atingido nos \u00faltimos meses do ano de 2019 cerca de 280 milh\u00f5es de pessoas. Os pa\u00edses lus\u00f3fonos ocupam uns 7,25% do territ\u00f3rio da Terra que segundo as previs\u00f5es para o ano de 2050 se est\u00e1 \u00e0 espera de que os falantes de l\u00edngua portuguesa cheguem aos 380 milh\u00f5es de pessoas\u00bb, informou S. Ex.\u00aa Lu\u00eds Faro Ramos. \u00a0<\/em><\/p>\n<p><img loading=\"lazy\" decoding=\"async\" class=\"alignnone wp-image-548 size-full\" src=\"https:\/\/catedrasaramago.fcml.uni-sofia.bg\/wp-content\/uploads\/2022\/03\/photo4.jpg\" alt=\"\" width=\"600\" height=\"400\" srcset=\"https:\/\/catedrasaramago.fcml.uni-sofia.bg\/wp-content\/uploads\/2022\/03\/photo4.jpg 600w, https:\/\/catedrasaramago.fcml.uni-sofia.bg\/wp-content\/uploads\/2022\/03\/photo4-300x200.jpg 300w, https:\/\/catedrasaramago.fcml.uni-sofia.bg\/wp-content\/uploads\/2022\/03\/photo4-18x12.jpg 18w\" sizes=\"auto, (max-width: 600px) 100vw, 600px\" \/><\/p>\n<p>&nbsp;<\/p>\n<p style=\"text-align: justify;\">Um facto interessant\u00edssimo, que nas palavras do Sr. Embaixador revela a significativa proje\u00e7\u00e3o da l\u00edngua portuguesa no espa\u00e7o internacional, \u00e9 o de ser a quinta l\u00edngua mais falada na internet, sendo utilizada por 158 milh\u00f5es de pessoas na rede. Os dados at\u00e9 2017 indicam que o n\u00famero de pessoas a comunicar em portugu\u00eas na net tem vindo a crescer e est\u00e1 a ser superado apenas pela quantidade de pessoas que escrevem na rede em chin\u00eas, \u00e1rabe, malaio e russo.<\/p>\n<p style=\"text-align: justify;\">O Sr. Embaixador Faro Ramos dedicou especial aten\u00e7\u00e3o ao papel da l\u00edngua portuguesa enquanto l\u00edngua oficial de uma s\u00e9rie de organiza\u00e7\u00f5es mundiais, entre elas, a Uni\u00e3o Europeia, a UNESCO, a ONU, a Uni\u00e3o Africana, a Organiza\u00e7\u00e3o dos Estados Americanos, o Mercosul, etc.<\/p>\n<p style=\"text-align: justify;\">Na sua confer\u00eancia acad\u00e9mica, S. Ex.\u00aa o Embaixador deixou em destaque a atual pol\u00edtica lingu\u00edstica do Instituto Cam\u00f5es, I. P., para o contexto internacional, cujos objetivos abrangem corroborar o apoio \u00e0s institui\u00e7\u00f5es acad\u00e9micas onde a l\u00edngua e a cultura portuguesas s\u00e3o estudadas, aos estabelecimentos de ensino prim\u00e1rio e secund\u00e1rio em que a l\u00edngua portuguesa \u00e9 difundida enquanto l\u00edngua materna, l\u00edngua de heran\u00e7a ou l\u00edngua estrangeira, ao fortalecimento dos la\u00e7os na diplomacia cultural para al\u00e9m das outras \u00e1reas da pol\u00edtica externa portuguesa, como tamb\u00e9m ao refor\u00e7o da presen\u00e7a da l\u00edngua e cultura portuguesas no espa\u00e7o social do mundo.<\/p>\n<p style=\"text-align: justify;\">O Presidente do Instituto Cam\u00f5es, I.P., frisou que a l\u00edngua portuguesa \u00e9 ensinada enquanto l\u00edngua estrangeira em muitos pa\u00edses do mundo inteiro e uma das miss\u00f5es principais da institui\u00e7\u00e3o por ele liderada \u00e9 precisamente o fomento do ensino de PLE. Igualmente, p\u00f4s em relevo que em 2018, o portugu\u00eas era estudado em 77 pa\u00edses, aos quais, em 2019, se juntaram outros quatro, nomeadamente, Azerbaij\u00e3o, Camar\u00f5es, Cazaquist\u00e3o e Gana. O interesse pela aprendizagem da l\u00edngua portuguesa em estabelecimentos de ensino superior pelo mundo fora tem incrementado tamb\u00e9m nos \u00faltimos anos. Em 2016, os estudantes universit\u00e1rios que aprendiam a l\u00edngua portuguesa fora de Portugal atingiram um n\u00famero ligeiramente superior a 89\u00a0000 alunos, que este ano chegou a ultrapassar os 110\u00a0000 alunos. Igualmente, vai aumentando o n\u00famero de docentes e de institui\u00e7\u00f5es de ensino, tanto na \u00e1rea dos estudos \u00a0superiores, como no sistema de ensino secund\u00e1rio, com as quais o Instituto Cam\u00f5es, I. P., tem estabelecido coopera\u00e7\u00e3o. Vai crescendo a quantidade de Centros da l\u00edngua e cultura portuguesas do Instituto Cam\u00f5es, I. P., e das C\u00e1tedras Cam\u00f5es. E \u00e9 com a institui\u00e7\u00e3o da C\u00e1tedra Jos\u00e9 Saramago na Universidade de S\u00f3fia que as C\u00e1tedras Cam\u00f5es no mundo inteiro completam exatamente o n\u00famero de 50. \u201eQueria compartilhar convosco que antes de chegar \u00e0 Bulg\u00e1ria tive uma conversa com Pilar del R\u00edo, a vi\u00fava do escritor, para lhe comunicar a feliz nova de que uma nova C\u00e1tedra Cam\u00f5es ao nome de Jos\u00e9 Saramago estar\u00e1 a ser institu\u00edda em breve. Dessa forma, a obra do marido dela, que \u00e9 at\u00e9 hoje em dia o \u00fanico escritor de l\u00edngua portuguesa a vencer o Pr\u00e9mio Nobel da Literatura, h\u00e1 de continuar a impactar os leitores atrav\u00e9s da gente dedicada \u00e0 investiga\u00e7\u00e3o da sua obra. Pilar mostrou-se extremamente contente\u00bb, acrescentou S. Ex.\u00aa Lu\u00eds Faro Ramos.<\/p>\n<p><img loading=\"lazy\" decoding=\"async\" class=\"alignnone wp-image-549 size-full\" src=\"https:\/\/catedrasaramago.fcml.uni-sofia.bg\/wp-content\/uploads\/2022\/03\/photo5.jpg\" alt=\"\" width=\"600\" height=\"400\" srcset=\"https:\/\/catedrasaramago.fcml.uni-sofia.bg\/wp-content\/uploads\/2022\/03\/photo5.jpg 600w, https:\/\/catedrasaramago.fcml.uni-sofia.bg\/wp-content\/uploads\/2022\/03\/photo5-300x200.jpg 300w, https:\/\/catedrasaramago.fcml.uni-sofia.bg\/wp-content\/uploads\/2022\/03\/photo5-18x12.jpg 18w\" sizes=\"auto, (max-width: 600px) 100vw, 600px\" \/><\/p>\n<p>&nbsp;<\/p>\n<p style=\"text-align: justify;\">E foi com enorme satisfa\u00e7\u00e3o que o Presidente do Instituto Cam\u00f5es, I. P., sublinhou que em 2020, pela primeira vez, ser\u00e1 homenageada a data 05 de maio, declarada pela UNESCO Dia Mundial da L\u00edngua Portuguesa.<\/p>\n<p style=\"text-align: justify;\">Finalizado o discurso do Sr. Embaixador Faro Ramos, os alunos universit\u00e1rios tiveram o ensejo de fazer perguntas e compartilhar opini\u00f5es referentes ao ensino acad\u00e9mico na Universidade de S\u00f3fia e em v\u00e1rias universidades portuguesas onde tiveram a oportunidade de permanecer por um ou dois semestres no \u00e2mbito das mobilidades de Erasmus+. Os estudantes e os doutorandos de Filologia Portuguesa chegaram a expressar o seu enorme contentamento do Programa Erasmus+ que lhes facilita n\u00e3o apenas a imers\u00e3o no meio social da l\u00edngua portuguesa que escolheram para os seus estudos, mas tamb\u00e9m a intensa troca intercultural \u00e0 qual t\u00eam acesso e que \u00e9, nas palavras deles, a melhor maneira de conhecer Portugal.<\/p>\n<p style=\"text-align: justify;\">Mesmo no final do encontro, o Sr. Embaixador Lu\u00eds Faro Ramos agradeceu a todos os alunos e docentes o seu interesse pela l\u00edngua portuguesa e pelas culturas de todos os nove pa\u00edses lus\u00f3fonos do mundo, ressaltando que a Bulg\u00e1ria e a Universidade de S\u00f3fia s\u00e3o uma amostra exemplar de parceria e de alta qualidade do ensino na \u00e1rea dos estudos portugueses e lus\u00f3fonos.<\/p>","protected":false},"excerpt":{"rendered":"<p>Durante a sua visita na Universidade de S\u00f3fia Sv. Kliment Ohridski, o Embaixador Lu\u00eds Faro Ramos, Presidente do Instituto Cam\u00f5es, I.P. \u2013 Instituto da Coopera\u00e7\u00e3o e da L\u00edngua junto do Minist\u00e9rio dos Neg\u00f3cios Estrangeiros de&hellip; <a href=\"https:\/\/catedrasaramago.fcml.uni-sofia.bg\/pt\/archives\/538\">More<\/a><\/p>","protected":false},"author":2,"featured_media":0,"comment_status":"closed","ping_status":"open","sticky":false,"template":"","format":"standard","meta":{"footnotes":""},"categories":[9],"tags":[],"class_list":["post-538","post","type-post","status-publish","format-standard","hentry","category---bg"],"_links":{"self":[{"href":"https:\/\/catedrasaramago.fcml.uni-sofia.bg\/pt\/wp-json\/wp\/v2\/posts\/538","targetHints":{"allow":["GET"]}}],"collection":[{"href":"https:\/\/catedrasaramago.fcml.uni-sofia.bg\/pt\/wp-json\/wp\/v2\/posts"}],"about":[{"href":"https:\/\/catedrasaramago.fcml.uni-sofia.bg\/pt\/wp-json\/wp\/v2\/types\/post"}],"author":[{"embeddable":true,"href":"https:\/\/catedrasaramago.fcml.uni-sofia.bg\/pt\/wp-json\/wp\/v2\/users\/2"}],"replies":[{"embeddable":true,"href":"https:\/\/catedrasaramago.fcml.uni-sofia.bg\/pt\/wp-json\/wp\/v2\/comments?post=538"}],"version-history":[{"count":4,"href":"https:\/\/catedrasaramago.fcml.uni-sofia.bg\/pt\/wp-json\/wp\/v2\/posts\/538\/revisions"}],"predecessor-version":[{"id":550,"href":"https:\/\/catedrasaramago.fcml.uni-sofia.bg\/pt\/wp-json\/wp\/v2\/posts\/538\/revisions\/550"}],"wp:attachment":[{"href":"https:\/\/catedrasaramago.fcml.uni-sofia.bg\/pt\/wp-json\/wp\/v2\/media?parent=538"}],"wp:term":[{"taxonomy":"category","embeddable":true,"href":"https:\/\/catedrasaramago.fcml.uni-sofia.bg\/pt\/wp-json\/wp\/v2\/categories?post=538"},{"taxonomy":"post_tag","embeddable":true,"href":"https:\/\/catedrasaramago.fcml.uni-sofia.bg\/pt\/wp-json\/wp\/v2\/tags?post=538"}],"curies":[{"name":"wp","href":"https:\/\/api.w.org\/{rel}","templated":true}]}}