{"id":518,"date":"2022-01-23T15:41:43","date_gmt":"2022-01-23T13:41:43","guid":{"rendered":"https:\/\/catedrasaramago.fcml.uni-sofia.bg\/?p=518"},"modified":"2022-01-23T16:07:48","modified_gmt":"2022-01-23T14:07:48","slug":"estabelecimento-da-catedra-de-investigacao-jose-saramago-do-camoes-instituto-da-cooperacao-e-da-lingua-na-universidade-de-sofia-sveti-kliment-ohridski","status":"publish","type":"post","link":"https:\/\/catedrasaramago.fcml.uni-sofia.bg\/pt\/archives\/518","title":{"rendered":"Estabelecimento da C\u00e1tedra de Investiga\u00e7\u00e3o Jos\u00e9 Saramago do Cam\u00f5es \u2013 Instituto da Coopera\u00e7\u00e3o e da L\u00edngua na Universidade de S\u00f3fia Sveti Kliment Ohridski"},"content":{"rendered":"<p style=\"text-align: justify;\"><strong>O Reitor da Universidade de S\u00f3fia Prof. Anastas Gerdjikov e o Embaixador Lu\u00eds Faro Ramos, Presidente do Cam\u00f5es &#8211; Instituto de Coopera\u00e7\u00e3o e da L\u00edngua de Portugal, assinaram em novembro de 2019 o protocolo de coopera\u00e7\u00e3o para a cria\u00e7\u00e3o da C\u00e1tedra de Investiga\u00e7\u00e3o Jos\u00e9 Saramago na Faculdade de Filologias Cl\u00e1ssicas e Modernas.<\/strong><\/p>\n<p style=\"text-align: justify;\">As C\u00e1tedras do Instituto Cam\u00f5es funcionam como forma de coopera\u00e7\u00e3o interinstitucional entre o Cam\u00f5es, I.P. e universidades estrangeiras, prevendo o apoio \u00e0 investiga\u00e7\u00e3o no dom\u00ednio dos Estudos Portugueses. A C\u00e1tedra Jos\u00e9 Saramago da Universidade de S\u00f3fia integrar\u00e1 a rede mundial de 50 c\u00e1tedras Cam\u00f5es institu\u00eddas em prestigiados centros acad\u00e9micos de mais de 20 pa\u00edses, em que se desenvolvem o ensino e a investiga\u00e7\u00e3o na \u00e1rea da l\u00edngua, da literatura e da cultura portuguesa.<\/p>\n<p><img loading=\"lazy\" decoding=\"async\" class=\"alignnone  wp-image-534\" src=\"https:\/\/catedrasaramago.fcml.uni-sofia.bg\/wp-content\/uploads\/2022\/01\/signing-300x200.jpg\" alt=\"\" width=\"559\" height=\"372\" srcset=\"https:\/\/catedrasaramago.fcml.uni-sofia.bg\/wp-content\/uploads\/2022\/01\/signing-300x200.jpg 300w, https:\/\/catedrasaramago.fcml.uni-sofia.bg\/wp-content\/uploads\/2022\/01\/signing-18x12.jpg 18w, https:\/\/catedrasaramago.fcml.uni-sofia.bg\/wp-content\/uploads\/2022\/01\/signing.jpg 600w\" sizes=\"auto, (max-width: 559px) 100vw, 559px\" \/><\/p>\n<p style=\"text-align: justify;\">O protocolo de coopera\u00e7\u00e3o prev\u00ea o apoio institucional do Cam\u00f5es, I.P. e da Universidade de S\u00f3fia a projetos de investiga\u00e7\u00e3o e forma\u00e7\u00e3o na \u00e1rea do portugu\u00eas, incluindo f\u00f3runs cient\u00edficos, confer\u00eancias e encontros com destacados acad\u00e9micos e personalidades da cultura portuguesa, semin\u00e1rios de forma\u00e7\u00e3o especializados, concursos de tradu\u00e7\u00e3o de literatura portuguesa, publica\u00e7\u00e3o de tradu\u00e7\u00f5es e estudos e outros.<\/p>\n<p style=\"text-align: justify;\">A assinatura do acordo contou com a presen\u00e7a da Embaixadora Extraordin\u00e1ria e Plenipotenci\u00e1ria da Rep\u00fablica Portuguesa em S\u00f3fia S.Ex.\u00aa Sr.\u00aa Elena de Almeida Coutinho, da Vice-Reitora da Universidade de S\u00f3fia Prof.\u00aa Dr.\u00aa Reneta Bozhankova, da Decana da Faculdade de Filologias Cl\u00e1ssicas e Modernas Prof.\u00aa Dr.\u00aa Madeleine Danova, da Coordenadora da Filologia Portuguesa na FFCM Prof.\u00aa Dr.\u00aa Yana Andreeva e da Diretora do Centro de L\u00edngua e Cultura Portuguesa Cam\u00f5es &#8211; S\u00f3fia e Leitora de L\u00edngua e Cultura Portuguesa na Universidade de S\u00f3fia Dr.\u00aa Ana\u00edsa Gordino.<\/p>","protected":false},"excerpt":{"rendered":"<p>O Reitor da Universidade de S\u00f3fia Prof. Anastas Gerdjikov e o Embaixador Lu\u00eds Faro Ramos, Presidente do Cam\u00f5es &#8211; Instituto de Coopera\u00e7\u00e3o e da L\u00edngua de Portugal, assinaram em novembro de 2019 o protocolo de&hellip; <a href=\"https:\/\/catedrasaramago.fcml.uni-sofia.bg\/pt\/archives\/518\">More<\/a><\/p>","protected":false},"author":2,"featured_media":0,"comment_status":"closed","ping_status":"open","sticky":false,"template":"","format":"standard","meta":{"footnotes":""},"categories":[9],"tags":[],"class_list":["post-518","post","type-post","status-publish","format-standard","hentry","category---bg"],"_links":{"self":[{"href":"https:\/\/catedrasaramago.fcml.uni-sofia.bg\/pt\/wp-json\/wp\/v2\/posts\/518","targetHints":{"allow":["GET"]}}],"collection":[{"href":"https:\/\/catedrasaramago.fcml.uni-sofia.bg\/pt\/wp-json\/wp\/v2\/posts"}],"about":[{"href":"https:\/\/catedrasaramago.fcml.uni-sofia.bg\/pt\/wp-json\/wp\/v2\/types\/post"}],"author":[{"embeddable":true,"href":"https:\/\/catedrasaramago.fcml.uni-sofia.bg\/pt\/wp-json\/wp\/v2\/users\/2"}],"replies":[{"embeddable":true,"href":"https:\/\/catedrasaramago.fcml.uni-sofia.bg\/pt\/wp-json\/wp\/v2\/comments?post=518"}],"version-history":[{"count":2,"href":"https:\/\/catedrasaramago.fcml.uni-sofia.bg\/pt\/wp-json\/wp\/v2\/posts\/518\/revisions"}],"predecessor-version":[{"id":535,"href":"https:\/\/catedrasaramago.fcml.uni-sofia.bg\/pt\/wp-json\/wp\/v2\/posts\/518\/revisions\/535"}],"wp:attachment":[{"href":"https:\/\/catedrasaramago.fcml.uni-sofia.bg\/pt\/wp-json\/wp\/v2\/media?parent=518"}],"wp:term":[{"taxonomy":"category","embeddable":true,"href":"https:\/\/catedrasaramago.fcml.uni-sofia.bg\/pt\/wp-json\/wp\/v2\/categories?post=518"},{"taxonomy":"post_tag","embeddable":true,"href":"https:\/\/catedrasaramago.fcml.uni-sofia.bg\/pt\/wp-json\/wp\/v2\/tags?post=518"}],"curies":[{"name":"wp","href":"https:\/\/api.w.org\/{rel}","templated":true}]}}